{"id":6570,"date":"2026-07-30T09:19:34","date_gmt":"2026-07-30T09:19:34","guid":{"rendered":"https:\/\/www.zs5.net.pl\/pl\/?p=6570"},"modified":"2026-08-26T10:23:34","modified_gmt":"2026-08-26T10:23:34","slug":"ogloszenie-o-wywieszeniu-list-i-spotkanie-organizacyjne-2026-2027","status":"publish","type":"post","link":"https:\/\/www.zs5.net.pl\/pl\/?p=6570","title":{"rendered":"Dodano sale &#8211; Og\u0142oszenie o wywieszeniu list i spotkanie organizacyjne 2026\/2027"},"content":{"rendered":"<p>Informujemy, \u017ce w dniu 26 sierpnia 2026 r. (\u015broda) o godz. 14.00 b\u0119d\u0105 wywieszone z podzia\u0142em na oddzia\u0142y listy uczni\u00f3w przyj\u0119tych do klas pierwszych Szko\u0142y Podstawowej z Oddzia\u0142ami Integracyjnymi nr 8 im. Aleksandra Macieszy w P\u0142ocku.<\/p>\n<p><strong>Dyrekcja Zespo\u0142u Szk\u00f3\u0142 nr 5 w P\u0142ocku zaprasza rodzic\u00f3w uczni\u00f3w KLAS PIERWSZYCH SZKO\u0141Y PODSTAWOWEJ NR 8 na spotkanie organizacyjne, kt\u00f3re odb\u0119dzie si\u0119 w dniu 27 sierpnia 2026 r. (czwartek) o godz. 16.00<\/strong><\/p>\n<table width=\"0\">\n<tbody>\n<tr>\n<td width=\"189\"><strong>Oddzia\u0142<\/strong><\/td>\n<td width=\"189\"><strong>Sala<\/strong><\/td>\n<\/tr>\n<tr>\n<td width=\"189\"><strong>1A<\/strong><\/td>\n<td width=\"189\"><strong>B1<\/strong><\/td>\n<\/tr>\n<tr>\n<td width=\"189\"><strong>1B<\/strong><\/td>\n<td width=\"189\"><strong>B9<\/strong><\/td>\n<\/tr>\n<tr>\n<td width=\"189\"><strong>1C<\/strong><\/td>\n<td width=\"189\"><strong>B2<\/strong><\/td>\n<\/tr>\n<tr>\n<td width=\"189\"><strong>1D<\/strong><\/td>\n<td width=\"189\"><strong>B4<\/strong><\/td>\n<\/tr>\n<tr>\n<td width=\"189\"><strong>1E<\/strong><\/td>\n<td width=\"189\"><strong>B3<\/strong><\/td>\n<\/tr>\n<\/tbody>\n<\/table>\n","protected":false},"excerpt":{"rendered":"<p>Informujemy, \u017ce w dniu 26 sierpnia 2026 r. (\u015broda) o godz. 14.00 b\u0119d\u0105 wywieszone z podzia\u0142em na oddzia\u0142y listy uczni\u00f3w<\/p>\n","protected":false},"author":1,"featured_media":4495,"comment_status":"closed","ping_status":"closed","sticky":true,"template":"","format":"standard","meta":{"colormag_page_container_layout":"default_layout","colormag_page_sidebar_layout":"default_layout","footnotes":""},"categories":[14],"tags":[],"class_list":["post-6570","post","type-post","status-publish","format-standard","has-post-thumbnail","hentry","category-news"],"_links":{"self":[{"href":"https:\/\/www.zs5.net.pl\/pl\/index.php?rest_route=\/wp\/v2\/posts\/6570","targetHints":{"allow":["GET"]}}],"collection":[{"href":"https:\/\/www.zs5.net.pl\/pl\/index.php?rest_route=\/wp\/v2\/posts"}],"about":[{"href":"https:\/\/www.zs5.net.pl\/pl\/index.php?rest_route=\/wp\/v2\/types\/post"}],"author":[{"embeddable":true,"href":"https:\/\/www.zs5.net.pl\/pl\/index.php?rest_route=\/wp\/v2\/users\/1"}],"replies":[{"embeddable":true,"href":"https:\/\/www.zs5.net.pl\/pl\/index.php?rest_route=%2Fwp%2Fv2%2Fcomments&post=6570"}],"version-history":[{"count":2,"href":"https:\/\/www.zs5.net.pl\/pl\/index.php?rest_route=\/wp\/v2\/posts\/6570\/revisions"}],"predecessor-version":[{"id":6578,"href":"https:\/\/www.zs5.net.pl\/pl\/index.php?rest_route=\/wp\/v2\/posts\/6570\/revisions\/6578"}],"wp:featuredmedia":[{"embeddable":true,"href":"https:\/\/www.zs5.net.pl\/pl\/index.php?rest_route=\/wp\/v2\/media\/4495"}],"wp:attachment":[{"href":"https:\/\/www.zs5.net.pl\/pl\/index.php?rest_route=%2Fwp%2Fv2%2Fmedia&parent=6570"}],"wp:term":[{"taxonomy":"category","embeddable":true,"href":"https:\/\/www.zs5.net.pl\/pl\/index.php?rest_route=%2Fwp%2Fv2%2Fcategories&post=6570"},{"taxonomy":"post_tag","embeddable":true,"href":"https:\/\/www.zs5.net.pl\/pl\/index.php?rest_route=%2Fwp%2Fv2%2Ftags&post=6570"}],"curies":[{"name":"wp","href":"https:\/\/api.w.org\/{rel}","templated":true}]}}